[{"@context":"https:\/\/schema.org\/","@type":"Article","@id":"https:\/\/www.freesia.cz\/pod-sirym-nebem\/#Article","mainEntityOfPage":"https:\/\/www.freesia.cz\/pod-sirym-nebem\/","headline":"Pod \u0161ir\u00fdm nebem","name":"Pod \u0161ir\u00fdm nebem","description":"Spousta lid\u00ed kdy\u017e pl\u00e1nuje n\u011bjakou oslavu narozenin nebo t\u0159eba oslavu z\u00e1snub,.","datePublished":"2024-03-25","dateModified":"2024-03-25","author":{"@type":"Person","@id":"https:\/\/www.freesia.cz\/author\/#Person","name":"","url":"https:\/\/www.freesia.cz\/author\/","identifier":1,"image":{"@type":"ImageObject","@id":"https:\/\/secure.gravatar.com\/avatar\/4860d213c5bedfa07ff2b166ff7b069759f9dbf79eae813578c75f9f8cb939b7?s=96&d=mm&r=g","url":"https:\/\/secure.gravatar.com\/avatar\/4860d213c5bedfa07ff2b166ff7b069759f9dbf79eae813578c75f9f8cb939b7?s=96&d=mm&r=g","height":96,"width":96}},"publisher":{"@type":"Organization","name":"freesia.cz","logo":{"@type":"ImageObject","@id":"\/logo.png","url":"\/logo.png","width":600,"height":60}},"image":{"@type":"ImageObject","@id":"https:\/\/www.freesia.cz\/wp-content\/uploads\/party-5998464_640_10_10_5.jpg","url":"https:\/\/www.freesia.cz\/wp-content\/uploads\/party-5998464_640_10_10_5.jpg","height":0,"width":0},"url":"https:\/\/www.freesia.cz\/pod-sirym-nebem\/","wordCount":411,"articleBody":"       Spousta lid\u00ed kdy\u017e pl\u00e1nuje n\u011bjakou oslavu narozenin nebo t\u0159eba oslavu z\u00e1snub, a chce to oslavit s \u0161ir\u0161\u00ed rodinou a p\u0159\u00e1teli. A kdy\u017e si pozvete v\u0161echny koho chcete vid\u011bt a koho m\u00e1te r\u00e1di, \u010dasto se sejdou des\u00edtky lid\u00ed. Takov\u00fd po\u010det host\u016f se jen k m\u00e1lokomu dom\u016f vejde bez probl\u00e9m\u016f, a tak m\u016f\u017eete oslavu ud\u011blat venku. A to dokonce i kdy\u017e hroz\u00ed, \u017ee nebude hezky. Pokud byste m\u011bli obavy z toho \u017ee by v\u00e1m po\u010das\u00ed nevy\u0161lo, jednodu\u0161e si zajist\u011bte p\u0159\u00edst\u0159e\u0161\u00ed. Nemus\u00edte hned kupovat d\u0159evo a stav\u011bt alt\u00e1n p\u0159es celou zahradu. P\u016fj\u010dovna p\u00e1rty stan\u016f v Brn\u011b Partystanyaz pro v\u00e1s m\u00e1 ide\u00e1ln\u00ed \u0159e\u0161en\u00ed, kter\u00e9 je efektivn\u00ed a jednoduch\u00e9. Sta\u010d\u00ed si vybrat stan se speci\u00e1ln\u00ed povrchovou \u00fapravou, d\u00edky kter\u00e9 je stan nepromokav\u00fd a ochr\u00e1n\u00ed v\u00e1s i p\u0159ed slune\u010dn\u00edmi paprsky.  Oslavy pod stanem jsou popul\u00e1rn\u00ed i ve sv\u011bt\u011b, a tento trend se pomalu dost\u00e1v\u00e1 i k n\u00e1m. Jen se pod\u00edvejte, kolik svateb se u n\u00e1s kon\u00e1 pr\u00e1v\u011b pod stanem. I stan m\u00e1 svoji nezam\u011bnitelnou atmosf\u00e9ru, tak se toho nebojte a uspo\u0159\u00e1dejte oslavu jinak ne\u017e ostatn\u00ed. I fotky budou kr\u00e1sn\u011bj\u0161\u00ed ne\u017e byste \u010dekali. Tip &#8211; pro fotografie s kr\u00e1snou atmosf\u00e9rou se vyfo\u0165te ve\u010der za tmy, za svitu sv\u011bt\u00fdlek a sv\u00ed\u010dek.  P\u0159ipravit jakoukoliv oslavu nen\u00ed jednoduch\u00e9, ale zvl\u00e1dnete to pokud si v\u0161echno napl\u00e1nujete p\u0159edem. Jestli m\u00e1 j\u00edt o p\u0159ekvapen\u00ed, rad\u011bji z p\u0159\u00edprav vynechte oslavence a nebo zbytek host\u016f. P\u0159ekvapte je t\u0159eba netradi\u010dn\u00ed v\u00fdzdobou a pod\u00e1vejte obl\u00edben\u00e1 j\u00eddla. Co se t\u00fd\u010de ob\u010derstven\u00ed, to m\u016f\u017ee b\u00fdt trochu probl\u00e9m. Pokud \u010dek\u00e1te hodn\u011b host\u016f, m\u016f\u017ee b\u00fdt nejlep\u0161\u00edm \u0159e\u0161en\u00edm p\u0159enechat p\u0159\u00edpravu j\u00eddla na cateringov\u00e9 firm\u011b, kter\u00e1 v\u00e1m v\u0161e p\u0159iprav\u00ed na m\u00edst\u011b. Vyzdobte si stan podle sv\u00e9ho a nezapom\u00ednejte ani na vybaven\u00ed stanu. Je t\u0159eba m\u00edt p\u0159ipravenou podlahu, na kterou si d\u00e1te \u017eidle a stoly. V tr\u00e1v\u011b bez podlahy by se v\u00e1m n\u00e1bytek mohl zabo\u0159it do hl\u00edny, co\u017e je nep\u0159\u00edjemn\u00e9. Myslete na v\u0161echno a va\u0161e oslava bude \u00fa\u017easn\u00e1.                                                                                                                                                                                                                                                                                                                                                                                                  "},{"@context":"https:\/\/schema.org\/","@type":"BreadcrumbList","itemListElement":[{"@type":"ListItem","position":1,"name":"Pod \u0161ir\u00fdm nebem","item":"https:\/\/www.freesia.cz\/pod-sirym-nebem\/#breadcrumbitem"}]}]