[{"@context":"https:\/\/schema.org\/","@type":"Article","@id":"https:\/\/www.freesia.cz\/krasna-pericka\/#Article","mainEntityOfPage":"https:\/\/www.freesia.cz\/krasna-pericka\/","headline":"Kr\u00e1sn\u00e1 pe\u0159\u00ed\u010dka","name":"Kr\u00e1sn\u00e1 pe\u0159\u00ed\u010dka","description":"J\u00e1 osobn\u011b pat\u0159\u00edm k lidem, kte\u0159\u00ed moc r\u00e1di n\u011bco vyr\u00e1b\u011bj\u00ed. A.","datePublished":"2022-11-13","dateModified":"2023-05-18","author":{"@type":"Person","@id":"https:\/\/www.freesia.cz\/author\/#Person","name":"","url":"https:\/\/www.freesia.cz\/author\/","identifier":1,"image":{"@type":"ImageObject","@id":"https:\/\/secure.gravatar.com\/avatar\/4860d213c5bedfa07ff2b166ff7b069759f9dbf79eae813578c75f9f8cb939b7?s=96&d=mm&r=g","url":"https:\/\/secure.gravatar.com\/avatar\/4860d213c5bedfa07ff2b166ff7b069759f9dbf79eae813578c75f9f8cb939b7?s=96&d=mm&r=g","height":96,"width":96}},"publisher":{"@type":"Organization","name":"freesia.cz","logo":{"@type":"ImageObject","@id":"\/logo.png","url":"\/logo.png","width":600,"height":60}},"image":{"@type":"ImageObject","@id":"https:\/\/www.freesia.cz\/wp-content\/uploads\/wing-6861729_960_720.jpg","url":"https:\/\/www.freesia.cz\/wp-content\/uploads\/wing-6861729_960_720.jpg","height":0,"width":0},"url":"https:\/\/www.freesia.cz\/krasna-pericka\/","about":["Zbo\u017e\u00ed"],"wordCount":443,"articleBody":"      J\u00e1 osobn\u011b pat\u0159\u00edm k lidem, kte\u0159\u00ed moc r\u00e1di n\u011bco vyr\u00e1b\u011bj\u00ed. A abych se v\u00e1m taky je\u0161t\u011b p\u0159iznala a taky nav\u00edc pochlubila, tak jsem velice \u0161ikovn\u00e1. Moc r\u00e1da vyr\u00e1b\u00edm r\u016fzn\u00e9 ozdoby A to hlavn\u011b na Velikonoce anebo na V\u00e1noce. Proto\u017ee tyto dva sv\u00e1tky v roce nejv\u00edce m\u00e1m r\u00e1da, tak\u017ee si taky na tom d\u00e1v\u00e1m nejv\u00edce z\u00e1le\u017eet. A taky je\u0161t\u011b mus\u00edm zm\u00ednit du\u0161i\u010dky. Hlavn\u011b na du\u0161i\u010dky d\u011bl\u00e1m kr\u00e1sn\u00e9 v\u011bnce, kter\u00e9 potom d\u00e1v\u00e1m tak i cel\u00e9 rodin\u011b, kter\u00e1 si potom je taky d\u00e1v\u00e1 na hroby. Dokonce i moje t\u0159i sousedky a taky moje sest\u0159enice ode m\u011b cht\u011bj\u00ed r\u016fzn\u00e9 v\u011bnce, kter\u00e9 si potom berou. Taky na r\u016fzn\u00e9 v\u011bnce nebo na r\u016fzn\u00e9 dekorace pot\u0159ebuji r\u016fzn\u00e9 v\u011bci. Jako nap\u0159\u00edklad um\u011bl\u00e9 kv\u011btiny anebo pe\u0159\u00ed\u010dka. A t\u0159eba pe\u0159\u00ed\u010dka se\u017eenete jak n\u011bkde v kamenn\u00e9m obchod\u011b, tak taky na internetov\u00e9m obchod\u011b lepaso.cz, kde najdete opravdu kr\u00e1sn\u00e1 pe\u0159\u00ed\u010dka, kter\u00e1 se v\u00e1m budou hodit do va\u0161eho v\u00fdrobku, aby byl opravdu dokonal\u00fd. M\u00e1m r\u00e1da, kdy\u017e je v\u011bc opravdu dota\u017een\u00e1 do konce a je dokonal\u00e1. Mysl\u00edm si, \u017ee kdy\u017e se lid\u00e9 sna\u017e\u00ed ud\u011blat n\u011bjak\u00e9 v\u011bnec anebo jakoukoliv dekoraci, tak se jim to mnohon\u00e1sobn\u011b vr\u00e1t\u00ed. Poka\u017ed\u00e9 je z toho opravdu velk\u00e1 radost.Proto\u017ee potom maj\u00ed dobr\u00fd pocit z toho, \u017ee n\u011bco dok\u00e1zali. J\u00e1 jsem si velice jako dekoraci obl\u00edbila taky pe\u0159\u00ed\u010dka a taky um\u011bl\u00e9 krou\u017eky. L\u00edb\u00ed se mi to, proto\u017ee to vypad\u00e1 velice origin\u00e1ln\u011b. J\u00e1 v\u00edm, \u017ee pe\u0159\u00ed\u010dka https:\/\/www.lepaso.cz\/Pericka-c12_432_3.htm se daj\u00ed pou\u017e\u00edt taky nap\u0159\u00edklad do d\u011btsk\u00e9ho pokoje jako dekorace na vaj\u00ed\u010dka. Mn\u011b se tohle l\u00edbilo, proto\u017ee jsem taky se nau\u010dila, jak dekorovat r\u016fzn\u00e9 v\u011bci. Synovi se to moc l\u00edb\u00ed a taky moc r\u00e1d p\u0159ilo\u017e\u00ed ruku k d\u00edlu. Jsou r\u016fzn\u00e9 dekorace, kter\u00fdmi m\u016f\u017eete dekorovat r\u016fzn\u00e9 v\u011bci, jako nap\u0159\u00edklad v\u011bnce \u010di dal\u0161\u00ed v\u011bci. A taky jste u\u017e n\u011bkdy zkou\u0161eli n\u011bco vyrobit? A co jste u toho pou\u017eili? Taky jsou velice obl\u00edben\u00e9 r\u016fzn\u00e9 tvary, jako nap\u0159\u00edklad srd\u00ed\u010dka, kter\u00e1 se d\u011blaj\u00ed na Valent\u00fdna, pokud ho tedy slav\u00edte. J\u00e1 bych bez n\u011bj nemohla b\u00fdt.                                                                                                                                                                                                                                                                                                                                                                                                  "},{"@context":"https:\/\/schema.org\/","@type":"BreadcrumbList","itemListElement":[{"@type":"ListItem","position":1,"name":"Kr\u00e1sn\u00e1 pe\u0159\u00ed\u010dka","item":"https:\/\/www.freesia.cz\/krasna-pericka\/#breadcrumbitem"}]}]